
{"id":13733,"date":"2025-10-31T13:35:59","date_gmt":"2025-10-31T12:35:59","guid":{"rendered":"https:\/\/www.sassuolocalcio.it\/senza-categoria\/contract-extension-until-2031-for-tarik-muharemovic\/"},"modified":"2025-10-31T13:35:59","modified_gmt":"2025-10-31T12:35:59","slug":"contract-extension-until-2031-for-tarik-muharemovic","status":"publish","type":"post","link":"https:\/\/www.sassuolocalcio.it\/en\/featured\/contract-extension-until-2031-for-tarik-muharemovic\/","title":{"rendered":"Contract extension until 2031 for Tarik Muharemovi\u0107"},"content":{"rendered":"<p><strong>U.S. Sassuolo Calcio<\/strong> is pleased to announce the extension of<strong> Tarik Muharemovi\u0107&#8217;s <\/strong>contract until <strong>June 30, 2031<\/strong>.<\/p>\n<p><strong>Muharemovi\u0107 <\/strong>joined the Black&amp;greens in the summer of 2024, making his debut in the Cosenza-Sassuolo match on September 21, and scoring his <strong>first goal<\/strong> a few days later in his first start, in the Coppa Italia game against Lecce. With thirty appearances in the 2024\/2025 season, Tarik played a key role in the team&#8217;s <strong>promotion <\/strong>to Serie A, where he has already won two MVP awards in just six appearances. <\/p>\n<p><em>&#8220;I am very happy to have extended my contract here at Sassuolo, the club that has shown great faith in me since day one. I want to thank my family, my agent, the club for their trust, and the whole team for their support.&#8221;<\/em> The defender added: <em>&#8220;My goal this year is to achieve the objectives we set at the beginning of the season and, personally, to keep improving and growing as a player. For me, Sassuolo is home. Here, I took the most important step in my career and experienced the best moments as a player, from winning the Serie B league to the opportunity to play in Serie A.   <\/em><\/p>\n<p><em>I want to thank my teammates for always being by my side. We must continue in this direction. We are strong, and we can do a lot to achieve our goals. I also want to thank the fans for their support. See you soon at the stadium, and let&#8217;s keep it up!&#8221;<\/em><\/p>\n<p data-start=\"1118\" data-end=\"1330\"><strong>The club and Tarik are proud to continue writing new chapters in the Black&amp;greens&#8217; history, together until 2031!<\/strong><\/p>\n<p data-start=\"1118\" data-end=\"1330\"><div id='fwdevpDiv0'><\/div><div class=\"cookieconsent-optout\">Se non visualizzi il video <a href=\"javascript:Cookiebot.renew()\">MODIFICA LE IMPOSTAZIONI COOKIES<\/a>: accetta i cookie \"preferenze\" e aggiorna la pagina<\/div><\/p>\n","protected":false},"excerpt":{"rendered":"<p>U.S. Sassuolo Calcio is pleased to announce the extension of Tarik Muharemovi\u0107&#8217;s contract until June 30, 2031. Muharemovi\u0107 joined the Black&amp;greens in the summer of 2024, making his debut in the Cosenza-Sassuolo match on September 21, and scoring his first goal a few days later in his first start, in the Coppa Italia game against&hellip;<\/p>\n","protected":false},"author":7,"featured_media":13732,"comment_status":"closed","ping_status":"closed","sticky":false,"template":"","format":"standard","meta":{"_acf_changed":false,"footnotes":""},"categories":[286,287],"tags":[],"class_list":["post-13733","post","type-post","status-publish","format-standard","has-post-thumbnail","hentry","category-featured","category-first-team","category-286","category-287","description-off"],"acf":[],"yoast_head":"<!-- This site is optimized with the Yoast SEO plugin v26.9 - https:\/\/yoast.com\/product\/yoast-seo-wordpress\/ -->\n<title>Contract extension until 2031 for Tarik Muharemovi\u0107 - U.S. Sassuolo Calcio<\/title>\n<meta name=\"robots\" content=\"index, follow, max-snippet:-1, max-image-preview:large, max-video-preview:-1\" \/>\n<link rel=\"canonical\" href=\"https:\/\/www.sassuolocalcio.it\/en\/featured\/contract-extension-until-2031-for-tarik-muharemovic\/\" \/>\n<meta property=\"og:locale\" content=\"en_US\" \/>\n<meta property=\"og:type\" content=\"article\" \/>\n<meta property=\"og:title\" content=\"Contract extension until 2031 for Tarik Muharemovi\u0107 - U.S. Sassuolo Calcio\" \/>\n<meta property=\"og:description\" content=\"U.S. Sassuolo Calcio is pleased to announce the extension of Tarik Muharemovi\u0107&#8217;s contract until June 30, 2031. Muharemovi\u0107 joined the Black&amp;greens in the summer of 2024, making his debut in the Cosenza-Sassuolo match on September 21, and scoring his first goal a few days later in his first start, in the Coppa Italia game against&hellip;\" \/>\n<meta property=\"og:url\" content=\"https:\/\/www.sassuolocalcio.it\/en\/featured\/contract-extension-until-2031-for-tarik-muharemovic\/\" \/>\n<meta property=\"og:site_name\" content=\"U.S. Sassuolo Calcio\" \/>\n<meta property=\"article:publisher\" content=\"https:\/\/www.facebook.com\/officialsassuolocalcio\" \/>\n<meta property=\"article:published_time\" content=\"2025-10-31T12:35:59+00:00\" \/>\n<meta property=\"og:image\" content=\"https:\/\/www.sassuolocalcio.it\/wp-content\/uploads\/2025\/10\/IMG_7689-copia.webp\" \/>\n\t<meta property=\"og:image:width\" content=\"1400\" \/>\n\t<meta property=\"og:image:height\" content=\"933\" \/>\n\t<meta property=\"og:image:type\" content=\"image\/webp\" \/>\n<meta name=\"author\" content=\"RedazioneM\" \/>\n<meta name=\"twitter:card\" content=\"summary_large_image\" \/>\n<meta name=\"twitter:label1\" content=\"Written by\" \/>\n\t<meta name=\"twitter:data1\" content=\"RedazioneM\" \/>\n\t<meta name=\"twitter:label2\" content=\"Est. reading time\" \/>\n\t<meta name=\"twitter:data2\" content=\"1 minute\" \/>\n<script type=\"application\/ld+json\" class=\"yoast-schema-graph\">{\"@context\":\"https:\/\/schema.org\",\"@graph\":[{\"@type\":\"Article\",\"@id\":\"https:\/\/www.sassuolocalcio.it\/en\/featured\/contract-extension-until-2031-for-tarik-muharemovic\/#article\",\"isPartOf\":{\"@id\":\"https:\/\/www.sassuolocalcio.it\/en\/featured\/contract-extension-until-2031-for-tarik-muharemovic\/\"},\"author\":{\"name\":\"RedazioneM\",\"@id\":\"https:\/\/www.sassuolocalcio.it\/#\/schema\/person\/3d51c60c8c930ebd45f4f18b281d1ee1\"},\"headline\":\"Contract extension until 2031 for Tarik Muharemovi\u0107\",\"datePublished\":\"2025-10-31T12:35:59+00:00\",\"mainEntityOfPage\":{\"@id\":\"https:\/\/www.sassuolocalcio.it\/en\/featured\/contract-extension-until-2031-for-tarik-muharemovic\/\"},\"wordCount\":279,\"publisher\":{\"@id\":\"https:\/\/www.sassuolocalcio.it\/#organization\"},\"image\":{\"@id\":\"https:\/\/www.sassuolocalcio.it\/en\/featured\/contract-extension-until-2031-for-tarik-muharemovic\/#primaryimage\"},\"thumbnailUrl\":\"https:\/\/www.sassuolocalcio.it\/wp-content\/uploads\/2025\/10\/IMG_7689-copia.webp\",\"articleSection\":[\"Featured\",\"First team\"],\"inLanguage\":\"en-US\"},{\"@type\":\"WebPage\",\"@id\":\"https:\/\/www.sassuolocalcio.it\/en\/featured\/contract-extension-until-2031-for-tarik-muharemovic\/\",\"url\":\"https:\/\/www.sassuolocalcio.it\/en\/featured\/contract-extension-until-2031-for-tarik-muharemovic\/\",\"name\":\"Contract extension until 2031 for Tarik Muharemovi\u0107 - U.S. Sassuolo Calcio\",\"isPartOf\":{\"@id\":\"https:\/\/www.sassuolocalcio.it\/#website\"},\"primaryImageOfPage\":{\"@id\":\"https:\/\/www.sassuolocalcio.it\/en\/featured\/contract-extension-until-2031-for-tarik-muharemovic\/#primaryimage\"},\"image\":{\"@id\":\"https:\/\/www.sassuolocalcio.it\/en\/featured\/contract-extension-until-2031-for-tarik-muharemovic\/#primaryimage\"},\"thumbnailUrl\":\"https:\/\/www.sassuolocalcio.it\/wp-content\/uploads\/2025\/10\/IMG_7689-copia.webp\",\"datePublished\":\"2025-10-31T12:35:59+00:00\",\"breadcrumb\":{\"@id\":\"https:\/\/www.sassuolocalcio.it\/en\/featured\/contract-extension-until-2031-for-tarik-muharemovic\/#breadcrumb\"},\"inLanguage\":\"en-US\",\"potentialAction\":[{\"@type\":\"ReadAction\",\"target\":[\"https:\/\/www.sassuolocalcio.it\/en\/featured\/contract-extension-until-2031-for-tarik-muharemovic\/\"]}]},{\"@type\":\"ImageObject\",\"inLanguage\":\"en-US\",\"@id\":\"https:\/\/www.sassuolocalcio.it\/en\/featured\/contract-extension-until-2031-for-tarik-muharemovic\/#primaryimage\",\"url\":\"https:\/\/www.sassuolocalcio.it\/wp-content\/uploads\/2025\/10\/IMG_7689-copia.webp\",\"contentUrl\":\"https:\/\/www.sassuolocalcio.it\/wp-content\/uploads\/2025\/10\/IMG_7689-copia.webp\",\"width\":1400,\"height\":933},{\"@type\":\"BreadcrumbList\",\"@id\":\"https:\/\/www.sassuolocalcio.it\/en\/featured\/contract-extension-until-2031-for-tarik-muharemovic\/#breadcrumb\",\"itemListElement\":[{\"@type\":\"ListItem\",\"position\":1,\"name\":\"Home\",\"item\":\"https:\/\/www.sassuolocalcio.it\/en\/\"},{\"@type\":\"ListItem\",\"position\":2,\"name\":\"Contract extension until 2031 for Tarik Muharemovi\u0107\"}]},{\"@type\":\"WebSite\",\"@id\":\"https:\/\/www.sassuolocalcio.it\/#website\",\"url\":\"https:\/\/www.sassuolocalcio.it\/\",\"name\":\"U.S. Sassuolo Calcio\",\"description\":\"Il sito ufficiale dell&#039;Unione Sportiva Sassuolo Calcio\",\"publisher\":{\"@id\":\"https:\/\/www.sassuolocalcio.it\/#organization\"},\"potentialAction\":[{\"@type\":\"SearchAction\",\"target\":{\"@type\":\"EntryPoint\",\"urlTemplate\":\"https:\/\/www.sassuolocalcio.it\/?s={search_term_string}\"},\"query-input\":{\"@type\":\"PropertyValueSpecification\",\"valueRequired\":true,\"valueName\":\"search_term_string\"}}],\"inLanguage\":\"en-US\"},{\"@type\":\"Organization\",\"@id\":\"https:\/\/www.sassuolocalcio.it\/#organization\",\"name\":\"U.S. Sassuolo Calcio\",\"url\":\"https:\/\/www.sassuolocalcio.it\/\",\"logo\":{\"@type\":\"ImageObject\",\"inLanguage\":\"en-US\",\"@id\":\"https:\/\/www.sassuolocalcio.it\/#\/schema\/logo\/image\/\",\"url\":\"https:\/\/www.sassuolocalcio.it\/wp-content\/uploads\/base\/sassuolo-calcio-v.svg\",\"contentUrl\":\"https:\/\/www.sassuolocalcio.it\/wp-content\/uploads\/base\/sassuolo-calcio-v.svg\",\"width\":985,\"height\":1080,\"caption\":\"U.S. Sassuolo Calcio\"},\"image\":{\"@id\":\"https:\/\/www.sassuolocalcio.it\/#\/schema\/logo\/image\/\"},\"sameAs\":[\"https:\/\/www.facebook.com\/officialsassuolocalcio\",\"https:\/\/www.instagram.com\/sassuolocalcio\/\",\"https:\/\/www.youtube.com\/user\/SassuoloChannel\",\"https:\/\/www.linkedin.com\/company\/sassuolocalcio\"]},{\"@type\":\"Person\",\"@id\":\"https:\/\/www.sassuolocalcio.it\/#\/schema\/person\/3d51c60c8c930ebd45f4f18b281d1ee1\",\"name\":\"RedazioneM\",\"image\":{\"@type\":\"ImageObject\",\"inLanguage\":\"en-US\",\"@id\":\"https:\/\/www.sassuolocalcio.it\/#\/schema\/person\/image\/\",\"url\":\"https:\/\/secure.gravatar.com\/avatar\/613f6703d7250e51b3f4f2fccfcd761cfdd6c3c42c806729f3f597c2edc621ce?s=96&d=mm&r=g\",\"contentUrl\":\"https:\/\/secure.gravatar.com\/avatar\/613f6703d7250e51b3f4f2fccfcd761cfdd6c3c42c806729f3f597c2edc621ce?s=96&d=mm&r=g\",\"caption\":\"RedazioneM\"},\"url\":\"#\"}]}<\/script>\n<!-- \/ Yoast SEO plugin. -->","yoast_head_json":{"title":"Contract extension until 2031 for Tarik Muharemovi\u0107 - U.S. Sassuolo Calcio","robots":{"index":"index","follow":"follow","max-snippet":"max-snippet:-1","max-image-preview":"max-image-preview:large","max-video-preview":"max-video-preview:-1"},"canonical":"https:\/\/www.sassuolocalcio.it\/en\/featured\/contract-extension-until-2031-for-tarik-muharemovic\/","og_locale":"en_US","og_type":"article","og_title":"Contract extension until 2031 for Tarik Muharemovi\u0107 - U.S. Sassuolo Calcio","og_description":"U.S. Sassuolo Calcio is pleased to announce the extension of Tarik Muharemovi\u0107&#8217;s contract until June 30, 2031. Muharemovi\u0107 joined the Black&amp;greens in the summer of 2024, making his debut in the Cosenza-Sassuolo match on September 21, and scoring his first goal a few days later in his first start, in the Coppa Italia game against&hellip;","og_url":"https:\/\/www.sassuolocalcio.it\/en\/featured\/contract-extension-until-2031-for-tarik-muharemovic\/","og_site_name":"U.S. Sassuolo Calcio","article_publisher":"https:\/\/www.facebook.com\/officialsassuolocalcio","article_published_time":"2025-10-31T12:35:59+00:00","og_image":[{"width":1400,"height":933,"url":"https:\/\/www.sassuolocalcio.it\/wp-content\/uploads\/2025\/10\/IMG_7689-copia.webp","type":"image\/webp"}],"author":"RedazioneM","twitter_card":"summary_large_image","twitter_misc":{"Written by":"RedazioneM","Est. reading time":"1 minute"},"schema":{"@context":"https:\/\/schema.org","@graph":[{"@type":"Article","@id":"https:\/\/www.sassuolocalcio.it\/en\/featured\/contract-extension-until-2031-for-tarik-muharemovic\/#article","isPartOf":{"@id":"https:\/\/www.sassuolocalcio.it\/en\/featured\/contract-extension-until-2031-for-tarik-muharemovic\/"},"author":{"name":"RedazioneM","@id":"https:\/\/www.sassuolocalcio.it\/#\/schema\/person\/3d51c60c8c930ebd45f4f18b281d1ee1"},"headline":"Contract extension until 2031 for Tarik Muharemovi\u0107","datePublished":"2025-10-31T12:35:59+00:00","mainEntityOfPage":{"@id":"https:\/\/www.sassuolocalcio.it\/en\/featured\/contract-extension-until-2031-for-tarik-muharemovic\/"},"wordCount":279,"publisher":{"@id":"https:\/\/www.sassuolocalcio.it\/#organization"},"image":{"@id":"https:\/\/www.sassuolocalcio.it\/en\/featured\/contract-extension-until-2031-for-tarik-muharemovic\/#primaryimage"},"thumbnailUrl":"https:\/\/www.sassuolocalcio.it\/wp-content\/uploads\/2025\/10\/IMG_7689-copia.webp","articleSection":["Featured","First team"],"inLanguage":"en-US"},{"@type":"WebPage","@id":"https:\/\/www.sassuolocalcio.it\/en\/featured\/contract-extension-until-2031-for-tarik-muharemovic\/","url":"https:\/\/www.sassuolocalcio.it\/en\/featured\/contract-extension-until-2031-for-tarik-muharemovic\/","name":"Contract extension until 2031 for Tarik Muharemovi\u0107 - U.S. Sassuolo Calcio","isPartOf":{"@id":"https:\/\/www.sassuolocalcio.it\/#website"},"primaryImageOfPage":{"@id":"https:\/\/www.sassuolocalcio.it\/en\/featured\/contract-extension-until-2031-for-tarik-muharemovic\/#primaryimage"},"image":{"@id":"https:\/\/www.sassuolocalcio.it\/en\/featured\/contract-extension-until-2031-for-tarik-muharemovic\/#primaryimage"},"thumbnailUrl":"https:\/\/www.sassuolocalcio.it\/wp-content\/uploads\/2025\/10\/IMG_7689-copia.webp","datePublished":"2025-10-31T12:35:59+00:00","breadcrumb":{"@id":"https:\/\/www.sassuolocalcio.it\/en\/featured\/contract-extension-until-2031-for-tarik-muharemovic\/#breadcrumb"},"inLanguage":"en-US","potentialAction":[{"@type":"ReadAction","target":["https:\/\/www.sassuolocalcio.it\/en\/featured\/contract-extension-until-2031-for-tarik-muharemovic\/"]}]},{"@type":"ImageObject","inLanguage":"en-US","@id":"https:\/\/www.sassuolocalcio.it\/en\/featured\/contract-extension-until-2031-for-tarik-muharemovic\/#primaryimage","url":"https:\/\/www.sassuolocalcio.it\/wp-content\/uploads\/2025\/10\/IMG_7689-copia.webp","contentUrl":"https:\/\/www.sassuolocalcio.it\/wp-content\/uploads\/2025\/10\/IMG_7689-copia.webp","width":1400,"height":933},{"@type":"BreadcrumbList","@id":"https:\/\/www.sassuolocalcio.it\/en\/featured\/contract-extension-until-2031-for-tarik-muharemovic\/#breadcrumb","itemListElement":[{"@type":"ListItem","position":1,"name":"Home","item":"https:\/\/www.sassuolocalcio.it\/en\/"},{"@type":"ListItem","position":2,"name":"Contract extension until 2031 for Tarik Muharemovi\u0107"}]},{"@type":"WebSite","@id":"https:\/\/www.sassuolocalcio.it\/#website","url":"https:\/\/www.sassuolocalcio.it\/","name":"U.S. Sassuolo Calcio","description":"Il sito ufficiale dell&#039;Unione Sportiva Sassuolo Calcio","publisher":{"@id":"https:\/\/www.sassuolocalcio.it\/#organization"},"potentialAction":[{"@type":"SearchAction","target":{"@type":"EntryPoint","urlTemplate":"https:\/\/www.sassuolocalcio.it\/?s={search_term_string}"},"query-input":{"@type":"PropertyValueSpecification","valueRequired":true,"valueName":"search_term_string"}}],"inLanguage":"en-US"},{"@type":"Organization","@id":"https:\/\/www.sassuolocalcio.it\/#organization","name":"U.S. Sassuolo Calcio","url":"https:\/\/www.sassuolocalcio.it\/","logo":{"@type":"ImageObject","inLanguage":"en-US","@id":"https:\/\/www.sassuolocalcio.it\/#\/schema\/logo\/image\/","url":"https:\/\/www.sassuolocalcio.it\/wp-content\/uploads\/base\/sassuolo-calcio-v.svg","contentUrl":"https:\/\/www.sassuolocalcio.it\/wp-content\/uploads\/base\/sassuolo-calcio-v.svg","width":985,"height":1080,"caption":"U.S. Sassuolo Calcio"},"image":{"@id":"https:\/\/www.sassuolocalcio.it\/#\/schema\/logo\/image\/"},"sameAs":["https:\/\/www.facebook.com\/officialsassuolocalcio","https:\/\/www.instagram.com\/sassuolocalcio\/","https:\/\/www.youtube.com\/user\/SassuoloChannel","https:\/\/www.linkedin.com\/company\/sassuolocalcio"]},{"@type":"Person","@id":"https:\/\/www.sassuolocalcio.it\/#\/schema\/person\/3d51c60c8c930ebd45f4f18b281d1ee1","name":"RedazioneM","image":{"@type":"ImageObject","inLanguage":"en-US","@id":"https:\/\/www.sassuolocalcio.it\/#\/schema\/person\/image\/","url":"https:\/\/secure.gravatar.com\/avatar\/613f6703d7250e51b3f4f2fccfcd761cfdd6c3c42c806729f3f597c2edc621ce?s=96&d=mm&r=g","contentUrl":"https:\/\/secure.gravatar.com\/avatar\/613f6703d7250e51b3f4f2fccfcd761cfdd6c3c42c806729f3f597c2edc621ce?s=96&d=mm&r=g","caption":"RedazioneM"},"url":"#"}]}},"_links":{"self":[{"href":"https:\/\/www.sassuolocalcio.it\/en\/wp-json\/wp\/v2\/posts\/13733","targetHints":{"allow":["GET"]}}],"collection":[{"href":"https:\/\/www.sassuolocalcio.it\/en\/wp-json\/wp\/v2\/posts"}],"about":[{"href":"https:\/\/www.sassuolocalcio.it\/en\/wp-json\/wp\/v2\/types\/post"}],"author":[{"embeddable":true,"href":"https:\/\/www.sassuolocalcio.it\/en\/wp-json\/wp\/v2\/users\/7"}],"replies":[{"embeddable":true,"href":"https:\/\/www.sassuolocalcio.it\/en\/wp-json\/wp\/v2\/comments?post=13733"}],"version-history":[{"count":0,"href":"https:\/\/www.sassuolocalcio.it\/en\/wp-json\/wp\/v2\/posts\/13733\/revisions"}],"wp:featuredmedia":[{"embeddable":true,"href":"https:\/\/www.sassuolocalcio.it\/en\/wp-json\/wp\/v2\/media\/13732"}],"wp:attachment":[{"href":"https:\/\/www.sassuolocalcio.it\/en\/wp-json\/wp\/v2\/media?parent=13733"}],"wp:term":[{"taxonomy":"category","embeddable":true,"href":"https:\/\/www.sassuolocalcio.it\/en\/wp-json\/wp\/v2\/categories?post=13733"},{"taxonomy":"post_tag","embeddable":true,"href":"https:\/\/www.sassuolocalcio.it\/en\/wp-json\/wp\/v2\/tags?post=13733"}],"curies":[{"name":"wp","href":"https:\/\/api.w.org\/{rel}","templated":true}]}}